{"id":14,"date":"2017-07-01T08:42:05","date_gmt":"2017-07-01T11:42:05","guid":{"rendered":"http:\/\/cachoeiradoc.com.br\/movimento\/?p=14"},"modified":"2017-07-01T20:41:56","modified_gmt":"2017-07-01T23:41:56","slug":"cachoeiradoc-movimenta-salvador","status":"publish","type":"post","link":"https:\/\/cachoeiradoc.com.br\/movimento\/2017\/07\/01\/cachoeiradoc-movimenta-salvador\/","title":{"rendered":"CachoeiraDoc movimenta Salvador"},"content":{"rendered":"<p>O CachoeiraDoc &#8211; Festival de Document\u00e1rios de Cachoeira acontece h\u00e1 oito anos na cidade de Cachoeira, Bahia. O festival vai para a capital, Salvador, trazer as reflex\u00f5es sobre cinema e seus\u00a0encontros. A Mostra CachoeiraDoc em Movimento acontecer\u00e1 em Salvador, na Caixa Cultural (Rua Carlos Gomes, 57 &#8211; Centro), entre os dias 2 e 6 de agosto de 2017.<\/p>\n<p>A Mostra conta com filmes document\u00e1rios realizados entre 2015 e 2016 de curta, m\u00e9dia e longa-metragem unidas em 10 programas. &#8220;Na origem do CachoeiraDoc est\u00e1 o deslocamento: o desejo de provoc\u00e1-lo e a cren\u00e7a na sua pot\u00eancia. Antes de tudo, quer\u00edamos operar um desvio nas rotas tradicionais dos document\u00e1rios, especialmente os brasileiros, para faz\u00ea-los chegar na Bahia&#8221;, explica Amaranta Cesar, coordenadora da Mostra.<\/p>\n<p>O projeto trar\u00e1 ainda duas mesas redondas, no dia 6 de agosto, para discutir os caminhos da curadoria e realiza\u00e7\u00e3o de document\u00e1rio na contemporaneidade. A <a href=\"http:\/\/cachoeiradoc.com.br\/movimento\/programacao\/\">programa\u00e7\u00e3o completa<\/a> pode ser conferida no site www.cachoeiradoc.com.br\/movimento<\/p>\n<div>Estacionamento gratuito nos seguintes dias e hor\u00e1rios:\u00a0Dia 04\/08, entre 18h e 22h \/\/\u00a0Dia 05\/08, entre 14h e 22h \/\/\u00a0Dia 6\/08, Entre 9h e 18h<\/div>\n<p>As sess\u00f5es tem classifica\u00e7\u00e3o indicativa de 12 anos, e s\u00e3o inteiramente gratuitas e contam com o patroc\u00ednio da CAIXA e Governo Federal.<\/p>\n<p><strong>CachoeiraDoc em Movimento<\/strong><br \/>\n<strong>2 e 6 de agosto de 2017<\/strong><br \/>\n<strong>Caixa Cultural (Rua Carlos Gomes, 57 &#8211; Centro)<\/strong><br \/>\n<strong>Gratuito<\/strong><br \/>\n<strong>Classifica\u00e7\u00e3o Indicativa: 12 anos<\/strong><\/p>\n","protected":false},"excerpt":{"rendered":"<p>O CachoeiraDoc &#8211; Festival de Document\u00e1rios de Cachoeira acontece h\u00e1 oito anos na cidade de Cachoeira, Bahia. O festival vai para a capital, Salvador, trazer as reflex\u00f5es sobre cinema e seus\u00a0encontros. A Mostra CachoeiraDoc em Movimento acontecer\u00e1 em Salvador, na Caixa Cultural (Rua Carlos Gomes, 57 &#8211; Centro), entre os dias 2 e 6 de&#8230; <\/p>\n<div class=\"clear\"><\/div>\n<p><a href=\"https:\/\/cachoeiradoc.com.br\/movimento\/2017\/07\/01\/cachoeiradoc-movimenta-salvador\/\" class=\"gdlr-info-font excerpt-read-more\">Leia mais<\/a><\/p>\n","protected":false},"author":1,"featured_media":16,"comment_status":"open","ping_status":"open","sticky":false,"template":"","format":"standard","meta":[],"categories":[61],"tags":[],"_links":{"self":[{"href":"https:\/\/cachoeiradoc.com.br\/movimento\/wp-json\/wp\/v2\/posts\/14"}],"collection":[{"href":"https:\/\/cachoeiradoc.com.br\/movimento\/wp-json\/wp\/v2\/posts"}],"about":[{"href":"https:\/\/cachoeiradoc.com.br\/movimento\/wp-json\/wp\/v2\/types\/post"}],"author":[{"embeddable":true,"href":"https:\/\/cachoeiradoc.com.br\/movimento\/wp-json\/wp\/v2\/users\/1"}],"replies":[{"embeddable":true,"href":"https:\/\/cachoeiradoc.com.br\/movimento\/wp-json\/wp\/v2\/comments?post=14"}],"version-history":[{"count":5,"href":"https:\/\/cachoeiradoc.com.br\/movimento\/wp-json\/wp\/v2\/posts\/14\/revisions"}],"predecessor-version":[{"id":3530,"href":"https:\/\/cachoeiradoc.com.br\/movimento\/wp-json\/wp\/v2\/posts\/14\/revisions\/3530"}],"wp:featuredmedia":[{"embeddable":true,"href":"https:\/\/cachoeiradoc.com.br\/movimento\/wp-json\/wp\/v2\/media\/16"}],"wp:attachment":[{"href":"https:\/\/cachoeiradoc.com.br\/movimento\/wp-json\/wp\/v2\/media?parent=14"}],"wp:term":[{"taxonomy":"category","embeddable":true,"href":"https:\/\/cachoeiradoc.com.br\/movimento\/wp-json\/wp\/v2\/categories?post=14"},{"taxonomy":"post_tag","embeddable":true,"href":"https:\/\/cachoeiradoc.com.br\/movimento\/wp-json\/wp\/v2\/tags?post=14"}],"curies":[{"name":"wp","href":"https:\/\/api.w.org\/{rel}","templated":true}]}}