{"id":7565,"date":"2020-12-20T15:34:32","date_gmt":"2020-12-20T18:34:32","guid":{"rendered":"http:\/\/cachoeiradoc.com.br\/festival\/?p=7565"},"modified":"2020-12-20T22:45:54","modified_gmt":"2020-12-21T01:45:54","slug":"carta-as-mulheres-da-frente-de-emergencia-do-pajeu-o-bem-vira","status":"publish","type":"post","link":"https:\/\/cachoeiradoc.com.br\/festival\/2020\/12\/20\/carta-as-mulheres-da-frente-de-emergencia-do-pajeu-o-bem-vira\/","title":{"rendered":"Carta \u00e0s mulheres da &#8220;frente de emerg\u00eancia&#8221; do Paje\u00fa (O Bem Vir\u00e1)"},"content":{"rendered":"\n<p><em>\u2013 por Nilceia Figueiredo \u2013<\/em><\/p>\n\n\n\n<p>Queridas mulheres,<\/p>\n\n\n\n<p>Talvez me falte palavras para falar da cena, onde a c\u00e2mera quase sempre fixa, captura suas narrativas dentro de cores em contraste com as vozes da fome ao fundo. Ainda assim, arrisco.<\/p>\n\n\n\n<p>&nbsp;Que foto ser\u00e1 capaz de registrar seus feitos entre os anos 60 e 2002 enquanto a seca castiga, muito al\u00e9m da falta de \u00e1gua, os corpos gestantes que a estiagem obrigava a trabalhar no sol?<\/p>\n\n\n\n<p>Jamais saberemos todos os detalhes, mas confesso que voc\u00eas nos encheram de coragem ao compartilharem suas hist\u00f3rias. Essa generosidade de quem enfrenta as \u201cpol\u00edticas paliativas\u201d e luta por seus direitos, e ainda divide o pouco de comida que tem para que n\u00e3o falte tanto, j\u00e1 que quase n\u00e3o se tem nada.&nbsp;<\/p>\n\n\n\n<p>Chorei pelo caf\u00e9 da manh\u00e3 partilhado, pela fome que te fez desmaiar silenciosa em casa, pelos seus seis pontos levados quando, ap\u00f3s fugir dependurada pelo caibro do telhado o mo\u00e7o velho te alcan\u00e7a, e isso nem estupro se considerava.&nbsp;<\/p>\n\n\n\n<p>A interlocu\u00e7\u00e3o certeira, n\u00e3o s\u00f3 aproxima o p\u00fablico da hist\u00f3ria que reivindica certo car\u00e1ter antropol\u00f3gico pr\u00f3prio da pesquisadora nascida na terra que diz s\u00f3 tomar consci\u00eancia daquela realidade aos vinte e tr\u00eas anos, mas coloca tamb\u00e9m em crise as vers\u00f5es cinematogr\u00e1ficas documentais que surgiam para vender a imagem da mis\u00e9ria, a cara da fome, o gado magro e morto deixado ao solo rachado &#8211; um set de pura devasta\u00e7\u00e3o.<\/p>\n\n\n\n<p>A costura que a \u201csaia do aterro\u201d mobilizou ao aproximar mulheres distintas e singulares, tendo por\u00e9m em comum o territ\u00f3rio da expropria\u00e7\u00e3o de direitos b\u00e1sicos \u00e0 vida para reivindicar: \u201cPrecisamos de trabalho porque mulher tamb\u00e9m \u00e9 gente\u201d.\u00a0<\/p>\n\n\n\n<p>E que gente, gente que luta, ama, cuida, que n\u00e3o se deixa cercar, porque entende que o problema n\u00e3o \u00e9 a seca, mas a ind\u00fastria que a promove.&nbsp;<\/p>\n\n\n\n<p>As mobiliza\u00e7\u00f5es pol\u00edticas reaparecem entre as narra\u00e7\u00f5es, e nos lembram de fatos quase j\u00e1 esquecidos: &#8211; o sudeste foi constru\u00eddo pelos nordestinos. Uma beleza cuidadosa que vai sendo composta entre as comoventes narrativas e as cenas documentais reais quase magicamente entrela\u00e7adas, sem que se percam uma da outra o fio da meada.&nbsp;<\/p>\n\n\n\n<p>Saltaram-me aos olhos, suas m\u00e3os compridas, integradas&nbsp; por uma natureza que me lembrou o quanto de for\u00e7a e destreza lhes custou viver em meio a tanta viola\u00e7\u00e3o de direitos. M\u00e3os de quem aceitou a convoca\u00e7\u00e3o de Maria Margarida Alves, que aparece em uma manifesta\u00e7\u00e3o de den\u00fancia \u00e0 ind\u00fastria da seca: \u00e9 melhor morrer de luta do que de fome. Maria foi s\u00f3 mais uma mulher militante morta, nos fazendo lembrar o quanto mulheres mobilizadas s\u00e3o perigosas a quem interessa a cerca da seca.&nbsp;&nbsp;<\/p>\n\n\n\n<p>Trazer para casa crian\u00e7as destinadas a morrer e com especiarias da terra, devolver a elas vida, foi pura coragem de quem se reconhece dona de si, forte e corajosa.&nbsp;<\/p>\n\n\n\n<p>Obrigada mulheres por enfrentar, e nos dar aula de administra\u00e7\u00e3o na escassez. Imagino que tormento foi para o \u201c\u00fanico encarregado\u201d perceber que nem a rotina dura imposta aos seus corpos, e as regras desmedidas que determinavam que s\u00f3 as gr\u00e1vidas a partir de cinco meses pudessem se abrigar na sombra, tirou de voc\u00eas a dignidade&nbsp; de cooperar e ainda hoje ter orgulho e saudade das \u201ccolegas de servi\u00e7o\u201d&#8230;<\/p>\n\n\n\n<p>At\u00e9 breve e, o bem vir\u00e1!<\/p>\n","protected":false},"excerpt":{"rendered":"<p>\u2013 por Nilceia Figueiredo \u2013 Queridas mulheres, Talvez me falte palavras para falar da cena, onde a c\u00e2mera quase sempre fixa, captura suas narrativas dentro&#8230;<\/p>\n","protected":false},"author":3,"featured_media":7566,"comment_status":"closed","ping_status":"open","sticky":false,"template":"","format":"standard","meta":{"_monsterinsights_skip_tracking":false,"_monsterinsights_sitenote_active":false,"_monsterinsights_sitenote_note":"","_monsterinsights_sitenote_category":0},"categories":[144],"tags":[179,177,163,157,178,180,166],"_links":{"self":[{"href":"https:\/\/cachoeiradoc.com.br\/festival\/wp-json\/wp\/v2\/posts\/7565"}],"collection":[{"href":"https:\/\/cachoeiradoc.com.br\/festival\/wp-json\/wp\/v2\/posts"}],"about":[{"href":"https:\/\/cachoeiradoc.com.br\/festival\/wp-json\/wp\/v2\/types\/post"}],"author":[{"embeddable":true,"href":"https:\/\/cachoeiradoc.com.br\/festival\/wp-json\/wp\/v2\/users\/3"}],"replies":[{"embeddable":true,"href":"https:\/\/cachoeiradoc.com.br\/festival\/wp-json\/wp\/v2\/comments?post=7565"}],"version-history":[{"count":4,"href":"https:\/\/cachoeiradoc.com.br\/festival\/wp-json\/wp\/v2\/posts\/7565\/revisions"}],"predecessor-version":[{"id":7570,"href":"https:\/\/cachoeiradoc.com.br\/festival\/wp-json\/wp\/v2\/posts\/7565\/revisions\/7570"}],"wp:featuredmedia":[{"embeddable":true,"href":"https:\/\/cachoeiradoc.com.br\/festival\/wp-json\/wp\/v2\/media\/7566"}],"wp:attachment":[{"href":"https:\/\/cachoeiradoc.com.br\/festival\/wp-json\/wp\/v2\/media?parent=7565"}],"wp:term":[{"taxonomy":"category","embeddable":true,"href":"https:\/\/cachoeiradoc.com.br\/festival\/wp-json\/wp\/v2\/categories?post=7565"},{"taxonomy":"post_tag","embeddable":true,"href":"https:\/\/cachoeiradoc.com.br\/festival\/wp-json\/wp\/v2\/tags?post=7565"}],"curies":[{"name":"wp","href":"https:\/\/api.w.org\/{rel}","templated":true}]}}