{"id":7554,"date":"2020-12-19T20:19:59","date_gmt":"2020-12-19T23:19:59","guid":{"rendered":"http:\/\/cachoeiradoc.com.br\/festival\/?p=7554"},"modified":"2020-12-20T22:08:06","modified_gmt":"2020-12-21T01:08:06","slug":"falando-de-mim-para-falar-de-nos-cinema-contemporaneo-e-vander","status":"publish","type":"post","link":"https:\/\/cachoeiradoc.com.br\/festival\/2020\/12\/19\/falando-de-mim-para-falar-de-nos-cinema-contemporaneo-e-vander\/","title":{"rendered":"Falando de mim para falar de n\u00f3s (Cinema Contempor\u00e2neo e Vander)"},"content":{"rendered":"\n<p><em>\u2013 por Barbara Carmo \u2013<\/em><\/p>\n\n\n\n<p>Algu\u00e9m disse em algum lugar que \u201cCinema \u00e9 uma arte coletiva\u201d, eu ouvi, tenho certeza que todos metidos com a bendita da s\u00e9tima arte tamb\u00e9m j\u00e1 ouviram e, de certa forma, faz sentido. N\u00e3o se segura c\u00e2mera, vara de boom e claquete enquanto se interpreta ao mesmo tempo, a n\u00e3o ser que se tenha um n\u00famero extra de m\u00e3os ou colaboradores com quem se possa contar. Existem hist\u00f3rias, no entanto, que precisam ser contadas em primeira pessoa, que precisam de voz e corporifica\u00e7\u00e3o. Este \u00e9 o caso de Cinema Contempor\u00e2neo (2019).&nbsp;<\/p>\n\n\n\n<p>Apesar da voz n\u00e3o ser a de seu realizador, apesar do corpo ser o de uma foto, ningu\u00e9m jamais diria que o filme de Felipe Andr\u00e9 Silva n\u00e3o \u00e9 pessoal, at\u00e9 \u00edntimo. O texto exp\u00f5e viol\u00eancias vividas e praticadas pelas pessoas cujos corpos sem face s\u00e3o enquadrados e reenquadrados repetidamente enquanto o narrador &#8211; Felipe, apesar de n\u00e3o ter a voz de Felipe &#8211; nos conta a hist\u00f3ria n\u00e3o s\u00f3 daquela foto em si, mas de tudo o que n\u00e3o podemos ver apenas em uma foto: traumas, medos, ang\u00fastias.&nbsp;<\/p>\n\n\n\n<p>Mas o filme n\u00e3o para por a\u00ed, ou melhor, n\u00e3o come\u00e7a por a\u00ed. O texto inicia questionando o cinema em primeira pessoa, com o pr\u00f3prio Felipe dizendo ter ouvido uma fala a respeito contra tal artif\u00edcio e concordado em parte, por\u00e9m, como o pr\u00f3prio filme \u00e9 evid\u00eancia, acabou por cair na \u201carmadilha\u201d do individualismo.&nbsp;<\/p>\n\n\n\n<p>E por que esse artif\u00edcio \u00e9 t\u00e3o sedutor? Por que tantos filmes de jovens cineastas acabam seguindo o caminho do pr\u00f3prio reflexo? Por que falar de si \u00e9 t\u00e3o mais f\u00e1cil do que falar dos outros?&nbsp;<\/p>\n\n\n\n<p>Tendo tamb\u00e9m feito um filme ensa\u00edstico falando em primeira pessoa, eu sentia que apenas eu tinha os recursos para contar minha hist\u00f3ria. Isso \u00e9 o que Felipe diz no final de seu filme, que apenas ele poderia contar a sua hist\u00f3ria, ou apenas o dispositivo de seu filme poderia faz\u00ea-lo.&nbsp;<\/p>\n\n\n\n<p>Uma coisa que aprendi com Vander (2019) foi que ningu\u00e9m nunca fala apenas de si quando faz um filme, n\u00e3o importa o qu\u00e3o dolorosamente pessoal seja o assunto. A partir do momento que seu filme est\u00e1 finalizado, aquilo que era seu, passa a ser coletivo, identific\u00e1vel e compartilh\u00e1vel. Com Vander aprendi que quando voc\u00ea fala de si, n\u00e3o importa o qu\u00e3o profundamente seu assunto seja, voc\u00ea est\u00e1 falando tamb\u00e9m de <em>n\u00f3s.<\/em><\/p>\n\n\n\n<p>Cinema Contempor\u00e2neo fala de Felipe. E Cinema Contempor\u00e2neo tamb\u00e9m \u00e9 sobre <em>todos os Felipes<\/em>.&nbsp;<\/p>\n\n\n\n<p>Ent\u00e3o voltamos ao in\u00edcio &#8211; ou ao fim &#8211; quando algu\u00e9m em algum lugar disse que \u201cCinema era uma arte coletiva\u201d e todos concordamos que fazia sentido. Porque sim, \u00e9 uma arte coletiva no fazer, no apreciar, mas \u00e9 tamb\u00e9m no sentir. Nada que se cria no Cinema \u00e9 individual, n\u00e3o a partir do momento que se \u00e9 compartilhado com o outro. E quando se fala de si, voc\u00ea est\u00e1 falando com e sobre uma coletividade que, mesmo se n\u00e3o souber, faz parte.<\/p>\n","protected":false},"excerpt":{"rendered":"<p>\u2013 por Barbara Carmo \u2013 Algu\u00e9m disse em algum lugar que \u201cCinema \u00e9 uma arte coletiva\u201d, eu ouvi, tenho certeza que todos metidos com a&#8230;<\/p>\n","protected":false},"author":3,"featured_media":7556,"comment_status":"closed","ping_status":"open","sticky":false,"template":"","format":"standard","meta":{"_monsterinsights_skip_tracking":false,"_monsterinsights_sitenote_active":false,"_monsterinsights_sitenote_note":"","_monsterinsights_sitenote_category":0},"categories":[144],"tags":[187,174,176,163,181,175],"_links":{"self":[{"href":"https:\/\/cachoeiradoc.com.br\/festival\/wp-json\/wp\/v2\/posts\/7554"}],"collection":[{"href":"https:\/\/cachoeiradoc.com.br\/festival\/wp-json\/wp\/v2\/posts"}],"about":[{"href":"https:\/\/cachoeiradoc.com.br\/festival\/wp-json\/wp\/v2\/types\/post"}],"author":[{"embeddable":true,"href":"https:\/\/cachoeiradoc.com.br\/festival\/wp-json\/wp\/v2\/users\/3"}],"replies":[{"embeddable":true,"href":"https:\/\/cachoeiradoc.com.br\/festival\/wp-json\/wp\/v2\/comments?post=7554"}],"version-history":[{"count":5,"href":"https:\/\/cachoeiradoc.com.br\/festival\/wp-json\/wp\/v2\/posts\/7554\/revisions"}],"predecessor-version":[{"id":7589,"href":"https:\/\/cachoeiradoc.com.br\/festival\/wp-json\/wp\/v2\/posts\/7554\/revisions\/7589"}],"wp:featuredmedia":[{"embeddable":true,"href":"https:\/\/cachoeiradoc.com.br\/festival\/wp-json\/wp\/v2\/media\/7556"}],"wp:attachment":[{"href":"https:\/\/cachoeiradoc.com.br\/festival\/wp-json\/wp\/v2\/media?parent=7554"}],"wp:term":[{"taxonomy":"category","embeddable":true,"href":"https:\/\/cachoeiradoc.com.br\/festival\/wp-json\/wp\/v2\/categories?post=7554"},{"taxonomy":"post_tag","embeddable":true,"href":"https:\/\/cachoeiradoc.com.br\/festival\/wp-json\/wp\/v2\/tags?post=7554"}],"curies":[{"name":"wp","href":"https:\/\/api.w.org\/{rel}","templated":true}]}}