{"id":7497,"date":"2020-12-16T08:51:16","date_gmt":"2020-12-16T11:51:16","guid":{"rendered":"http:\/\/cachoeiradoc.com.br\/festival\/?p=7497"},"modified":"2020-12-20T22:08:48","modified_gmt":"2020-12-21T01:08:48","slug":"espejo-aurora","status":"publish","type":"post","link":"https:\/\/cachoeiradoc.com.br\/festival\/2020\/12\/16\/espejo-aurora\/","title":{"rendered":"Espejo (Aurora)"},"content":{"rendered":"\n<p><em>\u2013 por Nilc\u00e9ia Figueiredo \u2013 <\/em><\/p>\n\n\n\n<p>Aurora ascende em lua negra <\/p>\n\n\n\n<p>gera\u00e7\u00f5es distintas de mulheres mesmas e outras, <\/p>\n\n\n\n<p>A monocromia cuidadosa da vida, <\/p>\n\n\n\n<p>tran\u00e7as, apliques e grisalhos <\/p>\n\n\n\n<p>encobrem&nbsp;nossa cabe\u00e7a de mo\u00e7a preta que junta, dan\u00e7a.. <\/p>\n\n\n\n<p>                                                 <\/p>\n\n\n\n<p>Palco em pel\u00edcula que aterra <\/p>\n\n\n\n<p>sil\u00eancio do que n\u00e3o se v\u00ea, e me enxerga <\/p>\n\n\n\n<p>Nos olhos fixos de quem se penteia <\/p>\n\n\n\n<p>refor\u00e7a o batom da vida <\/p>\n\n\n\n<p>e ainda me tira a cabelereira <\/p>\n\n\n\n<p>                                 <\/p>\n\n\n\n<p>Dan\u00e7a, pra si no espelho <\/p>\n\n\n\n<p>pra plateia em falta <\/p>\n\n\n\n<p>e mesmo quando lhes faltam pernas <\/p>\n\n\n\n<p>a dan\u00e7a n\u00e3o falta\u2026 <\/p>\n\n\n\n<p><a href=\"http:\/\/cachoeiradoc.com.br\/festival\/filmes\/aurora\/\">Aurora <\/a> <\/p>\n\n\n\n<p><\/p>\n","protected":false},"excerpt":{"rendered":"<p>\u2013 por Nilc\u00e9ia Figueiredo \u2013 Aurora ascende em lua negra gera\u00e7\u00f5es distintas de mulheres mesmas e outras, A monocromia cuidadosa da vida, tran\u00e7as, apliques e&#8230;<\/p>\n","protected":false},"author":3,"featured_media":7493,"comment_status":"closed","ping_status":"open","sticky":false,"template":"","format":"standard","meta":{"_monsterinsights_skip_tracking":false,"_monsterinsights_sitenote_active":false,"_monsterinsights_sitenote_note":"","_monsterinsights_sitenote_category":0},"categories":[144],"tags":[158,156,157,159],"_links":{"self":[{"href":"https:\/\/cachoeiradoc.com.br\/festival\/wp-json\/wp\/v2\/posts\/7497"}],"collection":[{"href":"https:\/\/cachoeiradoc.com.br\/festival\/wp-json\/wp\/v2\/posts"}],"about":[{"href":"https:\/\/cachoeiradoc.com.br\/festival\/wp-json\/wp\/v2\/types\/post"}],"author":[{"embeddable":true,"href":"https:\/\/cachoeiradoc.com.br\/festival\/wp-json\/wp\/v2\/users\/3"}],"replies":[{"embeddable":true,"href":"https:\/\/cachoeiradoc.com.br\/festival\/wp-json\/wp\/v2\/comments?post=7497"}],"version-history":[{"count":8,"href":"https:\/\/cachoeiradoc.com.br\/festival\/wp-json\/wp\/v2\/posts\/7497\/revisions"}],"predecessor-version":[{"id":7512,"href":"https:\/\/cachoeiradoc.com.br\/festival\/wp-json\/wp\/v2\/posts\/7497\/revisions\/7512"}],"wp:featuredmedia":[{"embeddable":true,"href":"https:\/\/cachoeiradoc.com.br\/festival\/wp-json\/wp\/v2\/media\/7493"}],"wp:attachment":[{"href":"https:\/\/cachoeiradoc.com.br\/festival\/wp-json\/wp\/v2\/media?parent=7497"}],"wp:term":[{"taxonomy":"category","embeddable":true,"href":"https:\/\/cachoeiradoc.com.br\/festival\/wp-json\/wp\/v2\/categories?post=7497"},{"taxonomy":"post_tag","embeddable":true,"href":"https:\/\/cachoeiradoc.com.br\/festival\/wp-json\/wp\/v2\/tags?post=7497"}],"curies":[{"name":"wp","href":"https:\/\/api.w.org\/{rel}","templated":true}]}}