{"id":7250,"date":"2020-12-04T08:47:24","date_gmt":"2020-12-04T11:47:24","guid":{"rendered":"http:\/\/cachoeiradoc.com.br\/festival\/?p=7250"},"modified":"2020-12-20T16:42:48","modified_gmt":"2020-12-20T19:42:48","slug":"programacao-gratuita-do-cachoeiradoc-conta-com-52-filmes","status":"publish","type":"post","link":"https:\/\/cachoeiradoc.com.br\/festival\/2020\/12\/04\/programacao-gratuita-do-cachoeiradoc-conta-com-52-filmes\/","title":{"rendered":"Programa\u00e7\u00e3o gratuita do CachoeiraDoc conta com 52 filmes"},"content":{"rendered":"[vc_row type=&#8221;in_container&#8221; full_screen_row_position=&#8221;middle&#8221; column_margin=&#8221;default&#8221; column_direction=&#8221;default&#8221; column_direction_tablet=&#8221;default&#8221; column_direction_phone=&#8221;default&#8221; scene_position=&#8221;center&#8221; text_color=&#8221;dark&#8221; text_align=&#8221;left&#8221; row_border_radius=&#8221;none&#8221; row_border_radius_applies=&#8221;bg&#8221; overlay_strength=&#8221;0.3&#8243; gradient_direction=&#8221;left_to_right&#8221; shape_divider_position=&#8221;bottom&#8221; bg_image_animation=&#8221;none&#8221;][vc_column column_padding=&#8221;no-extra-padding&#8221; column_padding_tablet=&#8221;inherit&#8221; column_padding_phone=&#8221;inherit&#8221; column_padding_position=&#8221;all&#8221; background_color_opacity=&#8221;1&#8243; background_hover_color_opacity=&#8221;1&#8243; column_shadow=&#8221;none&#8221; column_border_radius=&#8221;none&#8221; column_link_target=&#8221;_self&#8221; gradient_direction=&#8221;left_to_right&#8221; overlay_strength=&#8221;0.3&#8243; width=&#8221;1\/1&#8243; tablet_width_inherit=&#8221;default&#8221; tablet_text_alignment=&#8221;default&#8221; phone_text_alignment=&#8221;default&#8221; column_border_width=&#8221;none&#8221; column_border_style=&#8221;solid&#8221; bg_image_animation=&#8221;none&#8221;][vc_column_text]<span style=\"font-weight: 400;\">\u00c9 sob o olhar da professora e l\u00edder religiosa baiana Makota Valdina que o IX CachoeiraDoc \u2013 Festival de Document\u00e1rios de Cachoeira acontece a partir de 4 de dezembro, e segue at\u00e9 o dia 20 de dezembro, com 42 filmes dispon\u00edveis online e 13 filmes exibidos presencialmente. Al\u00e9m disso, a programa\u00e7\u00e3o gratuita conta com atividades art\u00edsticas, confer\u00eancias, oficinas, lan\u00e7amento de livro, que se desenrolam no <a href=\"http:\/\/www.cachoeiradoc.com.br\">site<\/a><\/span><span style=\"font-weight: 400;\">, <a href=\"https:\/\/www.facebook.com\/docachoeiradoc\">Facebook<\/a> e <a href=\"https:\/\/www.youtube.com\/channel\/UCNWyPPqCBb0RuwbZ_I_QqIg\">YouTube<\/a>. Neste universo de filmes, 29 s\u00e3o dirigidos por mulheres, 16 s\u00e3o assinados por profissionais da Bahia e 31 t\u00eam pessoas negras na dire\u00e7\u00e3o. Al\u00e9m disso, 8 dos document\u00e1rios fazem suas estreias nesta programa\u00e7\u00e3o online do CachoeiraDoc.\u00a0<\/span><\/p>\n<p><span style=\"font-weight: 400;\">A celebra\u00e7\u00e3o de abertura do evento, intitulada \u201c<\/span><span style=\"font-weight: 400;\"><a href=\"https:\/\/www.youtube.com\/watch?v=2j-oVywHkzM\">Nzo Onimboy\u00e1 recebe Mateus Aleluia<\/a>\u201d, ser\u00e1 um encontro musical nesta sexta, 4 de dezembro, com transmiss\u00e3o a partir das 19h. Encabe\u00e7ado pelo cantor e compositor Mateus Aleluia, este \u00e9 o marco da homenagem \u00e0 Makota Valdina, saudando musicalmente a mem\u00f3ria da pensadora, professora, ativista e lideran\u00e7a religiosa. Nesta data, pouco mais de um ano depois da passagem de Makota, Nzo Onimboy\u00e1, terreiro da na\u00e7\u00e3o angola fundado sob sua lideran\u00e7a e da Nengwa Vulasese (Maria Ang\u00e9lica Pinto), receber\u00e1 a visita do ex-integrante do grupo Os Tinco\u00e3s e filho de Cachoeira. Este ser\u00e1 um momento de renova\u00e7\u00e3o de la\u00e7os, alian\u00e7as entre mundos, passado, presente e futuro em articula\u00e7\u00e3o.\u00a0<\/span><\/p>\n<p><span style=\"font-weight: 400;\"><a href=\"http:\/\/cachoeiradoc.com.br\/festival\/sessoes-especiais\/\">Quatro filmes comp\u00f5em a homenagem \u00e0 Makota Valdina<\/a>, na maioria, dirigidos por realizadoras negras de cinema:\u00a0 \u201cAleluia, o Canto Infinito do Tinco\u00e3\u201d (Bahia, 2020, 70 min.), de Tenille Bezerra; \u201cPattaki\u201d (Bahia, 2019, 21 min.), de Everlane Moraes; \u201cRetrato da Mestra Makota Valdina\u201d (Minas Gerais, 2019, 92 min.), de C\u00e9sar Guimar\u00e3es e Pedro Aspahan; al\u00e9m da pr\u00e9-estreia de \u201cKalunga &#8211; mem\u00f3rias de um mar sem fim\u201d (Bahia, 2020, 14 min.), de Renata Semayangue.\u00a0<\/span><\/p>\n<p><span style=\"font-weight: 400;\">Como aponta Amaranta Cesar, idealizadora e coordenadora art\u00edstica do CachoeiraDoc, Makota Valdina, desde a juventude, como professora negra e militante, j\u00e1 dava li\u00e7\u00f5es em palavras e gestos que s\u00e3o cada dia mais atuais. \u201cHomenage\u00e1-la \u00e9 a forma que encontramos de nos juntar ao trabalho de fecunda\u00e7\u00e3o do presente com a for\u00e7a da ancestralidade para garantia de vida. Como diz Concei\u00e7\u00e3o Evaristo, o ancestral coloca o novo no mundo\u201d, refor\u00e7a.\u00a0<\/span><\/p>\n<p><span style=\"font-weight: 400;\">Desse modo, em sintonia com a abordagem de pensamento da l\u00edder Makota, \u00e9 forte a presen\u00e7a de mulheres e pessoas negras \u00e0 frente da dire\u00e7\u00e3o dos filmes que comp\u00f5em o IX CachoeiraDoc, num processo criativo que costura outros imagin\u00e1rios. Al\u00e9m disso, h\u00e1 uma significativa participa\u00e7\u00e3o de obras audiovisuais nascidas a partir das experi\u00eancias de alunos e ex-alunos do curso de Cinema e Audiovisual, da Universidade Federal do Rec\u00f4ncavo da Bahia (UFRB).\u00a0<\/span>[\/vc_column_text][\/vc_column][\/vc_row][vc_row type=&#8221;in_container&#8221; full_screen_row_position=&#8221;middle&#8221; column_margin=&#8221;default&#8221; column_direction=&#8221;default&#8221; column_direction_tablet=&#8221;default&#8221; column_direction_phone=&#8221;default&#8221; scene_position=&#8221;center&#8221; text_color=&#8221;dark&#8221; text_align=&#8221;left&#8221; row_border_radius=&#8221;none&#8221; row_border_radius_applies=&#8221;bg&#8221; overlay_strength=&#8221;0.3&#8243; gradient_direction=&#8221;left_to_right&#8221; shape_divider_position=&#8221;bottom&#8221; bg_image_animation=&#8221;none&#8221;][vc_column column_padding=&#8221;no-extra-padding&#8221; column_padding_tablet=&#8221;inherit&#8221; column_padding_phone=&#8221;inherit&#8221; column_padding_position=&#8221;all&#8221; background_color_opacity=&#8221;1&#8243; background_hover_color_opacity=&#8221;1&#8243; column_shadow=&#8221;none&#8221; column_border_radius=&#8221;none&#8221; column_link_target=&#8221;_self&#8221; gradient_direction=&#8221;left_to_right&#8221; overlay_strength=&#8221;0.3&#8243; width=&#8221;1\/1&#8243; tablet_width_inherit=&#8221;default&#8221; tablet_text_alignment=&#8221;default&#8221; phone_text_alignment=&#8221;default&#8221; column_border_width=&#8221;none&#8221; column_border_style=&#8221;solid&#8221; bg_image_animation=&#8221;none&#8221;][vc_column_text]<b>Abertura: fala-performance e filme<\/b><\/p>\n<p><span style=\"font-weight: 400;\">No dia 5 de dezembro, s\u00e1bado, \u00e0s 16h, uma fala-performance de abertura ser\u00e1 comandada por <a href=\"http:\/\/cachoeiradoc.com.br\/festival\/ciclo-de-conferencias\/#Denise\">Denise Ferreira da Silva<\/a>, sob o t\u00edtulo \u201cCorpus Infinitum\u201d. A fil\u00f3sofa e artista visual, em uma apresenta\u00e7\u00e3o online realizada em junho de 2020, exp\u00f5e o insuport\u00e1vel ac\u00famulo de evid\u00eancias de viol\u00eancia colonial e racial que estrutura o discurso e imagin\u00e1rio do mundo, exigindo o reconhecimento de tantas injusti\u00e7as. Seus questionamentos traduzem uma convoca\u00e7\u00e3o ao cinema documental, g\u00eanero que se funda e orbita em torno da produ\u00e7\u00e3o de evid\u00eancias do mundo vis\u00edvel e de suas injusti\u00e7as, para um trabalho de recomposi\u00e7\u00e3o cr\u00edtica e po\u00e9tica.<\/span><\/p>\n<p><span style=\"font-weight: 400;\">J\u00e1 <a href=\"http:\/\/cachoeiradoc.com.br\/festival\/sessao-de-abertura\/\">a sess\u00e3o de cinema na abertura<\/a> fica com a pr\u00e9-estreia do filme \u201cAcervo ZUMVI \u2013 O Levante da Mem\u00f3ria\u201d (Bahia, 2020, 36 min.), de Iris de Oliveira. O document\u00e1rio aborda a trajet\u00f3ria do ZUMVI Arquivo Fotogr\u00e1fico, sua luta por preserva\u00e7\u00e3o e o trabalho do fot\u00f3grafo L\u00e1zaro Roberto, o \u201cLente Negra\u201d, uma das refer\u00eancias primeiras em fotografia documental na Bahia. O <\/span><span style=\"font-weight: 400;\">acervo cont\u00e9m mais de 30 mil fotogramas, num pouco conhecido conjunto de registros de momentos definidores da hist\u00f3ria da luta por justi\u00e7a social da popula\u00e7\u00e3o negra na Bahia reunidos desde a d\u00e9cada de 70.\u00a0<\/span><\/p>\n<p><b>Estreias\u00a0<\/b><\/p>\n<p><span style=\"font-weight: 400;\">Das oito estreias desta edi\u00e7\u00e3o, cinco delas s\u00e3o da Bahia. Al\u00e9m das pr\u00e9-estreias de \u201cKalunga &#8211; mem\u00f3rias de um mar sem fim\u201d e \u201cAcervo ZUMVI &#8211; O Levante da Mem\u00f3ria\u201d, tamb\u00e9m est\u00e3o na lista os baianos \u201c\u00c9 sim de verdade\u201d (Bahia, 2018, 22 min.), dire\u00e7\u00e3o coletiva de mulheres em priva\u00e7\u00e3o de liberdade junto ao Complexo Prisional de Feira de Santana; \u201cEssa festa \u00e9 a minha vida\u201d (Bahia\/Alagoas, 2020, 18 min.), de Ulisses Arthur;<\/span> <span style=\"font-weight: 400;\">\u201cIrun Or\u00ed\u201d (Bahia, 2020, 8 min.), de Juh Almeida. As outras estreias s\u00e3o \u201cFormatura\u201d (S\u00e3o Paulo, 2020, 8 min.), de Caio Franco; \u201cO Bem Vir\u00e1\u201d (Pernambuco, 2020, 80 min.), de Uilma Queiroz; \u201cUm de vermelho e um de amarelo\u201d (Minas Gerais, 2020, 14 min.), de Frad, GM, Lipe.\u00a0<\/span><\/p>\n<p><b>M\u00fasica e poesia no encerramento<\/b><\/p>\n<p><span style=\"font-weight: 400;\">O encerramento do evento acontecer\u00e1 no dia 20 de dezembro, domingo, \u00e0s 16h30, num encontro po\u00e9tico e musical ao vivo. <\/span><span style=\"font-weight: 400;\">A dupla formado pelo escritor, poeta e compositor Lande Onawale e pelo cantor, m\u00fasico e compositor Tigan\u00e1 Santana ser\u00e1 respons\u00e1vel por conduzir as trocas art\u00edsticas.\u00a0<\/span><\/p>\n<p><a href=\"http:\/\/cachoeiradoc.com.br\/festival\/ciclo-de-conferencias\/#Troca\"><b>\u201cTrocas de saberes: encontros de projetos de extens\u00e3o\u201d<\/b><\/a><\/p>\n<p><span style=\"font-weight: 400;\">Entre os dias 9 e 11 de dezembro, \u00e0s 11h, representantes de projetos de extens\u00e3o realizados por universidades p\u00fablicas de diferentes estados brasileiros re\u00fanem-se para apresentar experi\u00eancias de trabalho com o audiovisual como ferramenta para a pr\u00e1tica e o pensamento. S\u00e3o cineclubes, mostras, cursos ou filmes que conectam universidade e sociedade, em tr\u00eas eixos de debates: no dia 9, quarta, \u201cDiversificar os saberes, pluralizar a educa\u00e7\u00e3o\u201d; na quinta, 10, \u201cProjetando espa\u00e7os e comunidades para e com o cinema\u201d; dia 11, sexta, \u201cPensar e fazer o mundo e outros mundos\u201d.\u00a0<\/span><\/p>\n<p><span style=\"font-weight: 400;\">Participam iniciativas de todo o pa\u00eds: Universidade de Bras\u00edlia, Universidade Federal de Minas Gerais, Universidade Estadual do Sudoeste da Bahia, Universidade Federal de Alagoas, Centro Universit\u00e1rio UNA, Universidade Federal do Rec\u00f4ncavo da Bahia, Universidade Federal Fluminense, Universidade do Estado do Rio de Janeiro e Universidade do Sul de Santa Catarina.\u00a0<\/span><\/p>\n<p><a href=\"http:\/\/cachoeiradoc.com.br\/festival\/ciclo-de-conferencias\/#Livro\"><b>Lan\u00e7amento do livro \u201cDesaguar em cinema\u201d<\/b><\/a><\/p>\n<p><span style=\"font-weight: 400;\">D<\/span><span style=\"font-weight: 400;\">ois encontros online marcam o l<\/span><span style=\"font-weight: 400;\">an\u00e7amento do livro \u201cDesaguar em cinema: document\u00e1rio, mem\u00f3ria e a\u00e7\u00e3o no CachoeiraDoc\u201d, com a participa\u00e7\u00e3o de alguns dos autores. <\/span><span style=\"font-weight: 400;\">No dia 17, quinta, \u00e0s 11h, participam do encontro Adriano Garrett, Izabel Melo e Maria Cardozo. Mediados por Leonardo Costa, cada um falar\u00e1 sobre os trabalhos de sua autoria. O segundo encontro online ser\u00e1 na, sexta, 18, \u00e0s 11h, com a presen\u00e7a online de Osmundo Pinho e Ros\u00e2ngela de Tugny, com media\u00e7\u00e3o de Amaranta Cesar.<\/span><\/p>\n<p><span style=\"font-weight: 400;\">Lan\u00e7ada pelo selo da Editora da Universidade Federal da Bahia (EDUFBA), o livro re\u00fane um conjunto de reflex\u00f5es nascidas ao longo dos dez anos realiza\u00e7\u00e3o do festival,<\/span> <span style=\"font-weight: 400;\">num registro memorial em di\u00e1logo com diversas \u00e1reas do saber, como cinema, antropologia, educa\u00e7\u00e3o, pol\u00edtica, arte e cultura.<\/span><span style=\"font-weight: 400;\"> A publica\u00e7\u00e3o traz texto assinado por Makota Valdina, al\u00e9m de vozes diversas de pesquisadores, cineastas e ativistas sempre em abordagens multidisciplinares.\u00a0<\/span><\/p>\n<p><span style=\"font-weight: 400;\">Em \u201cDesaguar em cinema: document\u00e1rio, mem\u00f3ria e a\u00e7\u00e3o no CachoeiraDoc\u201d, comp\u00f5em a lista de autores: Adriano Ramalho Garrett, Amaranta Cesar, Ana Rosa Marques, Andr\u00e9 Brasil, Bernard Belis\u00e1rio, C\u00e9sar Guimar\u00e3es, Fernanda Pimenta, Izabel de F\u00e1tima Cruz Melo, Jurema Machado de Andrade Souza, Leonardo Costa, Makota Valdina, Maria Cardozo, Nicole Brenez, Osmundo Pinho, Pedro Severien, Ros\u00e2ngela de Tugny e Rosivaldo Ferreira da Silva (Cacique Babau).<\/span><\/p>\n<p><span style=\"font-weight: 400;\">O livro poder\u00e1 ser adquirido a partir do dia 17 de dezembro, atrav\u00e9s da Amazon, Estante Virtual ou pelo contato de WhatsApp da EDUFBA: (71) 99732-6726. O valor \u00e9 R$ 45,00.\u00a0<\/span><\/p>\n<p><b>SOBRE O CACHOEIRADOC<\/b><\/p>\n<p><span style=\"font-weight: 400;\">O festival busca fomentar a difus\u00e3o e a produ\u00e7\u00e3o de document\u00e1rios, assim como a discuss\u00e3o sobre o g\u00eanero, por meio de oficinas, debates, ciclo de confer\u00eancias e exibi\u00e7\u00e3o de filmes. <\/span><span style=\"font-weight: 400;\">O CachoeiraDoc j\u00e1 se consolidou como um dos principais festivais do g\u00eanero document\u00e1rio no pa\u00eds. Nas oito edi\u00e7\u00f5es anteriores, <\/span><span style=\"font-weight: 400;\">cerca de 17 mil pessoas assistiram a mais de 320 document\u00e1rios, muitos deles in\u00e9ditos na Bahia e no Brasil.\u00a0O CachoeiraDoc \u00e9 uma realiza\u00e7\u00e3o da Cura e Cultura e do Grupo de Estudos e Pr\u00e1ticas do Document\u00e1rio, do Curso de Cinema e Audiovisual da UFRB, produ\u00e7\u00e3o da Ritos Produ\u00e7\u00f5es, e conta com o apoio financeiro do Fundo de Cultura da Secretaria de Cultura da Bahia atrav\u00e9s do Edital Setorial do Audiovisual 2019.<\/span><\/p>\n<p>&nbsp;<\/p>\n<p><b>IX CACHOEIRADOC: 4 a 20 de dezembro de 2020<\/b><\/p>\n<p><span style=\"font-weight: 400;\">52 filmes gratuitos: 42 online e 10 presenciais\u00a0<\/span><\/p>\n<p><span style=\"font-weight: 400;\">Transmiss\u00e3o gratuita das atividades pelo YouTube e Facebook: CachoeiraDoc<\/span><\/p>\n<p><b>Programa\u00e7\u00e3o de abertura:<\/b><\/p>\n<ul>\n<li style=\"font-weight: 400;\"><span style=\"font-weight: 400;\"><a href=\"http:\/\/cachoeiradoc.com.br\/festival\/celebracao-de-abertura\/\">Celebra\u00e7\u00e3o de abertura em homenagem \u00e0 Makota Valdina: o Nzo Onimboy\u00e1 recebe Mateus Aleluia \u2013 4 de dezembro, sexta-feira, \u00e0s 19h<\/a>;<\/span><\/li>\n<li style=\"font-weight: 400;\"><a href=\"http:\/\/cachoeiradoc.com.br\/festival\/ciclo-de-conferencias\/#Denise\"><span style=\"font-weight: 400;\">\u201cCorpus Infinitum\u201d: fala-performance de abertura com a fil\u00f3sofa e artista visual Denise Ferreira da Silva \u2013 5 de dezembro, s\u00e1bado, \u00e0s 16h.\u00a0<\/span><\/a><\/li>\n<li style=\"font-weight: 400;\"><a href=\"http:\/\/cachoeiradoc.com.br\/festival\/sessao-de-abertura\/\"><span style=\"font-weight: 400;\">Pr\u00e9-estreia do filme \u201cAcervo ZUMVI \u2013 O Levante da Mem\u00f3ria\u201d (Bahia, 2020, 36 min.), de Iris de Oliveira.\u00a0<\/span><\/a><\/li>\n<li style=\"font-weight: 400;\"><span style=\"font-weight: 400;\">Encerramento ao vivo: encontro entre o poeta, escritor e compositor Lande Onawale e o cantor, m\u00fasico compositor Tigan\u00e1 Santana \u2013 20 de dezembro, domingo, \u00e0s 16h30.<\/span><\/li>\n<\/ul>\n<p><a href=\"http:\/\/cachoeiradoc.com.br\/festival\/ciclo-de-conferencias\/#Troca\"><b>\u201cTrocas de saberes: encontros de projetos de extens\u00e3o\u201d: <\/b><span style=\"font-weight: 400;\">9 a 11 de dezembro, \u00e0s 11h.<\/span><\/a><\/p>\n<p><a href=\"http:\/\/cachoeiradoc.com.br\/festival\/ciclo-de-conferencias\/#Livro\"><b>Encontros online com autores do livro \u201cDesaguar em cinema\u201d: <\/b><span style=\"font-weight: 400;\">17 e 18 de dezembro, \u00e0s 11h.<\/span><\/a><\/p>\n<p><b>Programa\u00e7\u00e3o completa em<\/b><span style=\"font-weight: 400;\">: <\/span><a href=\"http:\/\/www.cachoeiradoc.com.br\"><span style=\"font-weight: 400;\">www.cachoeiradoc.com.br<\/span><\/a> <span style=\"font-weight: 400;\">\u00a0<\/span>[\/vc_column_text][\/vc_column][\/vc_row]\n","protected":false},"excerpt":{"rendered":"<p>Com abertura de Mateus Aleluia e homenagem a Makota Valdina, come\u00e7a o CachoeiraDoc no dia 4, e segue at\u00e9 20\/12. O evento ter\u00e1 filmes, encontros musicais, confer\u00eancias, oficinas e lan\u00e7amento de livro.<\/p>\n","protected":false},"author":1,"featured_media":7031,"comment_status":"closed","ping_status":"closed","sticky":false,"template":"","format":"standard","meta":{"_monsterinsights_skip_tracking":false,"_monsterinsights_sitenote_active":false,"_monsterinsights_sitenote_note":"","_monsterinsights_sitenote_category":0},"categories":[1],"tags":[],"_links":{"self":[{"href":"https:\/\/cachoeiradoc.com.br\/festival\/wp-json\/wp\/v2\/posts\/7250"}],"collection":[{"href":"https:\/\/cachoeiradoc.com.br\/festival\/wp-json\/wp\/v2\/posts"}],"about":[{"href":"https:\/\/cachoeiradoc.com.br\/festival\/wp-json\/wp\/v2\/types\/post"}],"author":[{"embeddable":true,"href":"https:\/\/cachoeiradoc.com.br\/festival\/wp-json\/wp\/v2\/users\/1"}],"replies":[{"embeddable":true,"href":"https:\/\/cachoeiradoc.com.br\/festival\/wp-json\/wp\/v2\/comments?post=7250"}],"version-history":[{"count":10,"href":"https:\/\/cachoeiradoc.com.br\/festival\/wp-json\/wp\/v2\/posts\/7250\/revisions"}],"predecessor-version":[{"id":7577,"href":"https:\/\/cachoeiradoc.com.br\/festival\/wp-json\/wp\/v2\/posts\/7250\/revisions\/7577"}],"wp:featuredmedia":[{"embeddable":true,"href":"https:\/\/cachoeiradoc.com.br\/festival\/wp-json\/wp\/v2\/media\/7031"}],"wp:attachment":[{"href":"https:\/\/cachoeiradoc.com.br\/festival\/wp-json\/wp\/v2\/media?parent=7250"}],"wp:term":[{"taxonomy":"category","embeddable":true,"href":"https:\/\/cachoeiradoc.com.br\/festival\/wp-json\/wp\/v2\/categories?post=7250"},{"taxonomy":"post_tag","embeddable":true,"href":"https:\/\/cachoeiradoc.com.br\/festival\/wp-json\/wp\/v2\/tags?post=7250"}],"curies":[{"name":"wp","href":"https:\/\/api.w.org\/{rel}","templated":true}]}}