{"id":5850,"date":"2020-05-20T20:15:32","date_gmt":"2020-05-20T23:15:32","guid":{"rendered":"http:\/\/cachoeiradoc.com.br\/festival\/?p=5850"},"modified":"2020-11-27T07:57:45","modified_gmt":"2020-11-27T10:57:45","slug":"festival-impossivel-curadoria-provisoria","status":"publish","type":"post","link":"https:\/\/cachoeiradoc.com.br\/festival\/2020\/05\/20\/festival-impossivel-curadoria-provisoria\/","title":{"rendered":"Festival Imposs\u00edvel, curadoria provis\u00f3ria"},"content":{"rendered":"\n<p>Diante dos imperativos para preserva\u00e7\u00e3o das vidas impostos pela pandemia de&nbsp;Covid-19, n\u00e3o haver\u00e1 condi\u00e7\u00f5es de realiza\u00e7\u00e3o presencial do CachoeiraDoc no per\u00edodo previsto. E ainda aguardamos entender o que o futuro do v\u00edrus nos reserva para marcar uma nova data poss\u00edvel para o festival acontecer \u201cao vivo\u201d, de fato.&nbsp;<br><br>Enquanto esperamos o momento seguro chegar para nos encontrarmos no calor humano de Cachoeira, estamos lan\u00e7ando o \u201cFestival imposs\u00edvel, curadoria provis\u00f3ria\u201d. Trata-se de uma forma, experimental, de nos mantermos vivas, alertas e conectadas.<br><br>De 26 a 31 de maio, disponibilizaremos em nosso&nbsp;<a href=\"http:\/\/www.cachoeiradoc.com.br\/\" target=\"_blank\" rel=\"noreferrer noopener\">site<\/a>&nbsp;filmes escolhidos&nbsp;por cada um de nossos curadores&nbsp;para se estar em companhia nesse momento de tantas inquieta\u00e7\u00f5es; filmes para renovar um campo de perguntas, diante das novas exig\u00eancias do mundo.<\/p>\n\n\n\n<p>Promoveremos ainda dois encontros&nbsp;(dias 30 e 31\/05,&nbsp;\u00e0s 17h)&nbsp;com os curadores, para debatermos os atuais desafios da atividade de curadoria, agora atravessada pela materialidade radical do cont\u00e1gio e pela literalidade da busca pela cura.&nbsp;Os encontros acontecer\u00e3o no Youtube (\/cachoeiradoc), e estar\u00e3o tamb\u00e9m disposn\u00edveis&nbsp;no nosso site e facebook.<br><br>Entendemos que nosso engajamento com a comunidade de Cachoeira e da UFRB exige que mantenhamos a f\u00e9 e a persist\u00eancia na possibilidade de uma retomada com encontro e presen\u00e7a.&nbsp;Por isso, provis\u00f3rio e imposs\u00edvel, o que lan\u00e7amos agora n\u00e3o \u00e9 um festival. O trabalho para a realiza\u00e7\u00e3o do IX CachoeiraDoc, inclusive a sele\u00e7\u00e3o e curadoria dos filmes, segue em curso, na temporalidade&nbsp;pand\u00eamica.&nbsp;<br><br>A esperar pelo tempo prop\u00edcio, que estejamos&nbsp;juntas&nbsp;nesta nova arte de tecer aproxima\u00e7\u00f5es.<\/p>\n","protected":false},"excerpt":{"rendered":"<p>Diante dos imperativos para preserva\u00e7\u00e3o das vidas impostos pela pandemia de&nbsp;Covid-19, n\u00e3o haver\u00e1 condi\u00e7\u00f5es de realiza\u00e7\u00e3o presencial do CachoeiraDoc no per\u00edodo previsto. E ainda aguardamos&#8230;<\/p>\n","protected":false},"author":1,"featured_media":5851,"comment_status":"closed","ping_status":"closed","sticky":false,"template":"","format":"standard","meta":{"_monsterinsights_skip_tracking":false,"_monsterinsights_sitenote_active":false,"_monsterinsights_sitenote_note":"","_monsterinsights_sitenote_category":0},"categories":[116],"tags":[],"_links":{"self":[{"href":"https:\/\/cachoeiradoc.com.br\/festival\/wp-json\/wp\/v2\/posts\/5850"}],"collection":[{"href":"https:\/\/cachoeiradoc.com.br\/festival\/wp-json\/wp\/v2\/posts"}],"about":[{"href":"https:\/\/cachoeiradoc.com.br\/festival\/wp-json\/wp\/v2\/types\/post"}],"author":[{"embeddable":true,"href":"https:\/\/cachoeiradoc.com.br\/festival\/wp-json\/wp\/v2\/users\/1"}],"replies":[{"embeddable":true,"href":"https:\/\/cachoeiradoc.com.br\/festival\/wp-json\/wp\/v2\/comments?post=5850"}],"version-history":[{"count":1,"href":"https:\/\/cachoeiradoc.com.br\/festival\/wp-json\/wp\/v2\/posts\/5850\/revisions"}],"predecessor-version":[{"id":5852,"href":"https:\/\/cachoeiradoc.com.br\/festival\/wp-json\/wp\/v2\/posts\/5850\/revisions\/5852"}],"wp:featuredmedia":[{"embeddable":true,"href":"https:\/\/cachoeiradoc.com.br\/festival\/wp-json\/wp\/v2\/media\/5851"}],"wp:attachment":[{"href":"https:\/\/cachoeiradoc.com.br\/festival\/wp-json\/wp\/v2\/media?parent=5850"}],"wp:term":[{"taxonomy":"category","embeddable":true,"href":"https:\/\/cachoeiradoc.com.br\/festival\/wp-json\/wp\/v2\/categories?post=5850"},{"taxonomy":"post_tag","embeddable":true,"href":"https:\/\/cachoeiradoc.com.br\/festival\/wp-json\/wp\/v2\/tags?post=5850"}],"curies":[{"name":"wp","href":"https:\/\/api.w.org\/{rel}","templated":true}]}}