{"id":1771,"date":"2015-08-16T20:30:41","date_gmt":"2015-08-16T23:30:41","guid":{"rendered":"http:\/\/cachoeiradoc.com.br\/2015\/?p=1771"},"modified":"2015-09-03T18:08:39","modified_gmt":"2015-09-03T21:08:39","slug":"o-lugar-da-utopia","status":"publish","type":"post","link":"https:\/\/cachoeiradoc.com.br\/2015\/o-lugar-da-utopia\/","title":{"rendered":"O lugar da utopia"},"content":{"rendered":"<p style=\"text-align: justify;\"><strong>\u00a0Texto de Leandro Rodrigues<\/strong><\/p>\n<p style=\"text-align: justify;\">A utopia \u00e9, por defini\u00e7\u00e3o, o n\u00e3o lugar. Mas aqui, na EICTV, longe de ser a nega\u00e7\u00e3o de todos os lugares, a utopia \u00e9 a que possibilita o ajuntamento criativo de diversas culturas e recria outras formas de ver o mundo.<\/p>\n<p style=\"text-align: justify;\">Inicialmente \u201cEscola de Tr\u00eas Mundos\u201d e logo renomeada \u201cEscola de Todos os Mundos\u201d, a EICTV vem se dedicando ao longo de quase tr\u00eas d\u00e9cadas de funda\u00e7\u00e3o a uma pr\u00e1tica pedag\u00f3gica regida pela filosofia do \u201caprender fazendo, fazer ensinando\u201d, atrav\u00e9s da qual a aprendizagem se d\u00e1 numa combina\u00e7\u00e3o permanente entre as experi\u00eancias pr\u00e1tica e te\u00f3rica.<\/p>\n<p style=\"text-align: justify;\">Neste lugar, o lugar da utopia, que n\u00e3o por acaso segue existindo em Cuba, aprender a fazer cinema \u00e9 um ato de resist\u00eancia, um gesto que aposta na capacidade de reinven\u00e7\u00e3o das imagens, uma a\u00e7\u00e3o em busca de viv\u00eancias cinematogr\u00e1ficas transformadoras.<\/p>\n<p style=\"text-align: justify;\">Os filmes dessa mostra nasceram como resultados de processos de aprendizagem, mas se estabelecem no mundo como gestos de investiga\u00e7\u00e3o cinematogr\u00e1fica. Filmes que representam a busca individual de cada cineasta por um estilo pr\u00f3prio e que encontram no contexto de forma\u00e7\u00e3o da EICTV uma abertura \u00e0 experimenta\u00e7\u00e3o e um espa\u00e7o de ampla diversidade cultural. Filmes realizados por jovens de diferentes lugares do mundo que escolheram viver em Cuba a utopia do cinema.<\/p>\n<p style=\"text-align: justify;\">O nosso desejo ao trazer esse singelo conjunto de filmes para o Cachoeiradoc \u00e9 para que, como disse o cineasta e poeta Fernando Birri, \u201cel lugar de la utop\u00eda, que, por definici\u00f3n, est\u00e1 en \u2018Ninguna Parte\u2019, est\u00e9 en alguna parte\u2026\u201d<\/p>\n<p style=\"text-align: justify;\">Saiba mais da programa\u00e7\u00e3o da <a href=\"http:\/\/cachoeiradoc.com.br\/2015\/mostras-especiais\/mostra-soy-cine\/\">Mostra Soy Cine<\/a>.<\/p>\n","protected":false},"excerpt":{"rendered":"<p>Saiba mais sobre Mostra Soy Cine: os filmes da Escola Internacional de Cinema e TV de Cuba<\/p>\n","protected":false},"author":1,"featured_media":1691,"comment_status":"open","ping_status":"open","sticky":false,"template":"","format":"standard","meta":[],"categories":[7],"tags":[],"_links":{"self":[{"href":"https:\/\/cachoeiradoc.com.br\/2015\/wp-json\/wp\/v2\/posts\/1771"}],"collection":[{"href":"https:\/\/cachoeiradoc.com.br\/2015\/wp-json\/wp\/v2\/posts"}],"about":[{"href":"https:\/\/cachoeiradoc.com.br\/2015\/wp-json\/wp\/v2\/types\/post"}],"author":[{"embeddable":true,"href":"https:\/\/cachoeiradoc.com.br\/2015\/wp-json\/wp\/v2\/users\/1"}],"replies":[{"embeddable":true,"href":"https:\/\/cachoeiradoc.com.br\/2015\/wp-json\/wp\/v2\/comments?post=1771"}],"version-history":[{"count":4,"href":"https:\/\/cachoeiradoc.com.br\/2015\/wp-json\/wp\/v2\/posts\/1771\/revisions"}],"predecessor-version":[{"id":1937,"href":"https:\/\/cachoeiradoc.com.br\/2015\/wp-json\/wp\/v2\/posts\/1771\/revisions\/1937"}],"wp:featuredmedia":[{"embeddable":true,"href":"https:\/\/cachoeiradoc.com.br\/2015\/wp-json\/wp\/v2\/media\/1691"}],"wp:attachment":[{"href":"https:\/\/cachoeiradoc.com.br\/2015\/wp-json\/wp\/v2\/media?parent=1771"}],"wp:term":[{"taxonomy":"category","embeddable":true,"href":"https:\/\/cachoeiradoc.com.br\/2015\/wp-json\/wp\/v2\/categories?post=1771"},{"taxonomy":"post_tag","embeddable":true,"href":"https:\/\/cachoeiradoc.com.br\/2015\/wp-json\/wp\/v2\/tags?post=1771"}],"curies":[{"name":"wp","href":"https:\/\/api.w.org\/{rel}","templated":true}]}}