{"id":1549,"date":"2015-08-04T09:04:20","date_gmt":"2015-08-04T12:04:20","guid":{"rendered":"http:\/\/cachoeiradoc.com.br\/2015\/?p=1549"},"modified":"2015-08-05T11:26:55","modified_gmt":"2015-08-05T14:26:55","slug":"documentario-urgente-e-tema-de-curso-no-cachoeiradoc","status":"publish","type":"post","link":"https:\/\/cachoeiradoc.com.br\/2015\/documentario-urgente-e-tema-de-curso-no-cachoeiradoc\/","title":{"rendered":"Document\u00e1rio Urgente \u00e9 tema de curso no CachoeiraDoc"},"content":{"rendered":"<p style=\"text-align: justify;\">O Curso de Document\u00e1rio Urgente, ministrado por Ernesto de Carvalho, ter\u00e1 28 horas-aula e prop\u00f5e uma reflex\u00e3o te\u00f3rica e uma experimenta\u00e7\u00e3o pr\u00e1tica acerca do document\u00e1rio e suas possibilidades, com \u00eanfase em processos de conflito, participa\u00e7\u00e3o social, disputa por visibilidade, resist\u00eancia. \u00a0Saiba mais sobre o curso.<\/p>\n<p style=\"text-align: justify;\">Ernesto de Carvalho \u00e9 documentarista (diretor, montador e fot\u00f3grafo) e antrop\u00f3logo. Doutorando do curso de Antropologia da New York University, desenvolve pesquisa sobre a utiliza\u00e7\u00e3o do audiovisual por comunidade ind\u00edgenas, ligadas ao projeto V\u00eddeo nas Aldeias. E tamb\u00e9m integrante do Movimento Ocupe Estelita, no Recife.<\/p>\n<p style=\"text-align: justify;\">As inscri\u00e7\u00f5es s\u00e3o gratuitas e devem ser realizadas at\u00e9 17 de agosto de 2015. Os interessados dever\u00e3o preencher <a href=\"https:\/\/docs.google.com\/forms\/d\/1gdXHuXENiKTajInk7fqkFid79t_6SrxQ8Tm9sSl4vjg\/viewform\">formul\u00e1rio neste link<\/a>. Ser\u00e3o selecionados at\u00e9 25 (vinte e cinco) alunos para o curso que ocorrer\u00e1 no per\u00edodo de 01 a 06 de setembro, na cidade de Cachoeira-BA, no Centro de Artes, Humanidades e Letras da UFRB, localizado no quarteir\u00e3o Leite Alves, Rua Maestro Irineu Sacramento, s\/n &#8211; Centro.<\/p>\n<p style=\"text-align: justify;\">O curso \u00e9 uma parceria do CachoeiraDoc com a Diretoria de Mem\u00f3ria, Educa\u00e7\u00e3o, Cultura e Arte, atrav\u00e9s do Centro Audiovisual Norte-Nordeste (CANNE).<\/p>\n<p style=\"text-align: justify;\">As aulas acontecer\u00e3o no Centro de Artes Humanidades e Letras (UFRB) em Cachoeira, Bahia nos seguintes hor\u00e1rios:<br \/>\n&#8211; Ter\u00e7a-feira (01\/09): De 9h \u00e0s 13h e de 15h \u00e0s 19h.<br \/>\n&#8211; De quarta-feira a domingo (02 a 06\/09): De 9h \u00e0s 13h.<\/p>\n<p style=\"text-align: justify;\"><strong>CANNE<\/strong><br \/>\nO Centro Audiovisual Norte-Nordeste \u2013 Canne \u2013 promove cursos gratuitos de curta dura\u00e7\u00e3o com o objetivo de atender interessados em audiovisual e \u00e1reas afins, de modo a aperfei\u00e7oar, reciclar e desenvolver conte\u00fados t\u00e9cnicos e art\u00edsticos, al\u00e9m de manter o interc\u00e2mbio de experi\u00eancias com profissionais de diversas \u00e1reas.<\/p>\n<p>&nbsp;<\/p>\n<p>&nbsp;<\/p>\n","protected":false},"excerpt":{"rendered":"<p>Est\u00e3o abertas as inscri\u00e7\u00f5es para o Curso gratuito que acontecer\u00e1 entre 1 a 6 de setembro ministrado pelo documentarista Ernesto de Carvalho.<\/p>\n","protected":false},"author":2,"featured_media":1550,"comment_status":"open","ping_status":"open","sticky":false,"template":"","format":"standard","meta":[],"categories":[4],"tags":[],"_links":{"self":[{"href":"https:\/\/cachoeiradoc.com.br\/2015\/wp-json\/wp\/v2\/posts\/1549"}],"collection":[{"href":"https:\/\/cachoeiradoc.com.br\/2015\/wp-json\/wp\/v2\/posts"}],"about":[{"href":"https:\/\/cachoeiradoc.com.br\/2015\/wp-json\/wp\/v2\/types\/post"}],"author":[{"embeddable":true,"href":"https:\/\/cachoeiradoc.com.br\/2015\/wp-json\/wp\/v2\/users\/2"}],"replies":[{"embeddable":true,"href":"https:\/\/cachoeiradoc.com.br\/2015\/wp-json\/wp\/v2\/comments?post=1549"}],"version-history":[{"count":5,"href":"https:\/\/cachoeiradoc.com.br\/2015\/wp-json\/wp\/v2\/posts\/1549\/revisions"}],"predecessor-version":[{"id":1623,"href":"https:\/\/cachoeiradoc.com.br\/2015\/wp-json\/wp\/v2\/posts\/1549\/revisions\/1623"}],"wp:featuredmedia":[{"embeddable":true,"href":"https:\/\/cachoeiradoc.com.br\/2015\/wp-json\/wp\/v2\/media\/1550"}],"wp:attachment":[{"href":"https:\/\/cachoeiradoc.com.br\/2015\/wp-json\/wp\/v2\/media?parent=1549"}],"wp:term":[{"taxonomy":"category","embeddable":true,"href":"https:\/\/cachoeiradoc.com.br\/2015\/wp-json\/wp\/v2\/categories?post=1549"},{"taxonomy":"post_tag","embeddable":true,"href":"https:\/\/cachoeiradoc.com.br\/2015\/wp-json\/wp\/v2\/tags?post=1549"}],"curies":[{"name":"wp","href":"https:\/\/api.w.org\/{rel}","templated":true}]}}