{"id":1454,"date":"2015-07-20T00:01:42","date_gmt":"2015-07-20T03:01:42","guid":{"rendered":"http:\/\/cachoeiradoc.com.br\/2015\/?p=1454"},"modified":"2015-08-16T20:34:41","modified_gmt":"2015-08-16T23:34:41","slug":"cachoeiradoc-2015-divulga-resultado-de-mostra-competitiva","status":"publish","type":"post","link":"https:\/\/cachoeiradoc.com.br\/2015\/cachoeiradoc-2015-divulga-resultado-de-mostra-competitiva\/","title":{"rendered":"CachoeiraDoc 2015 divulga selecionados de mostra competitiva"},"content":{"rendered":"<p style=\"text-align: justify;\">O VI CachoeiraDoc \u2013 Festival de Document\u00e1rios de Cachoeira divulgou nesta segunda-feira, 20, a lista dos filmes aprovados na sele\u00e7\u00e3o da Mostra Competitiva Nacional. No total, dos 420 filmes inscritos na mostra, foram selecionados 13 curtas-metragens e oito m\u00e9dias e longas. Entre os document\u00e1rios est\u00e3o os baianos \u201cA loucura est\u00e1 entre n\u00f3s\u201d, de Fernanda Vareille, \u201cAna\u201d, de Camila Camila, \u201cEu, travesti?\u201d, de Leandro Rodrigues, e \u201cO mar, a mata e a humanidade\u201d, do Coletivo Cinema e Sal.<\/p>\n<p style=\"text-align: justify;\">A 6\u00aa edi\u00e7\u00e3o do festival acontece entre 1\u00ba e 7 de setembro, no Cine Theatro Cachoeirano (antigo Gl\u00f3ria) e no Centro de Artes Humanidades e Letras da Universidade Federal do Rec\u00f4ncavo da Bahia, na cidade de Cachoeira, localizada a 110 km de Salvador.<\/p>\n<p style=\"text-align: justify;\">Al\u00e9m da Competitiva, o festival ter\u00e1 ainda mostras especiais, como a da Escuela Internacional de Cinema y TV (EICTV), de Cuba, a do Sensory Ethnography Lab, renomado laborat\u00f3rio de etnografia sensorial da Universidade de Harvard, e a mostra Cl\u00e1ssicos do Real, com homenagem ao cineasta, professor e idealizador da Jornada Internacional de Cinema da Bahia, Guido Ara\u00fajo.<\/p>\n<p style=\"text-align: justify;\"><strong>Sele\u00e7\u00e3o da <a href=\"http:\/\/cachoeiradoc.com.br\/2015\/mostra-competitiva\/\">Mostra Competitiva Nacional <\/a>do VI CachoeiraDoc<\/strong><\/p>\n<p style=\"text-align: justify;\">M\u00c9DIAS E LONGAS-METRAGENS<\/p>\n<p style=\"text-align: justify;\">A loucura est\u00e1 entre n\u00f3s (Bahia, 2015, 78 min.)<br \/>\nDe Fernanda Fontes Vareille<\/p>\n<p style=\"text-align: justify;\">A paix\u00e3o de JL (S\u00e3o Paulo, 2014, 82 min.)<br \/>\nDe Carlos Nader<\/p>\n<p style=\"text-align: justify;\">Mais Do Que Eu Possa Me Reconhecer (Rio de Janeiro, 2015, 72 min.)<br \/>\nDe Allan Ribeiro<\/p>\n<p style=\"text-align: justify;\">Noite (Rio de Janeiro, 2015, 82 min.)<br \/>\nDe Paula Gait\u00e1n<\/p>\n<p style=\"text-align: justify;\">Nova Dubai (S\u00e3o Paulo, 2014, 50 min.)<br \/>\nDe Gustavo Vinagre<\/p>\n<p style=\"text-align: justify;\">Ressurgentes: Um Filme de A\u00e7\u00e3o Direta (Distrito Federal, 2014, 74 min.)<br \/>\nDe Dacia Ibiapina<\/p>\n<p style=\"text-align: justify;\">Retratos de identifica\u00e7\u00e3o (Rio de Janeiro, 2015, 71 min.)<br \/>\nDe Anita Leandro<\/p>\n<p style=\"text-align: justify;\">Urihi Haromatip\u00eb: Curadores da Terra-floresta (Roraima, 2014, 60 min.)<br \/>\nDe Morzaniel ?ramari Yanomami<\/p>\n<p style=\"text-align: justify;\">CURTAS-METRAGENS<\/p>\n<p style=\"text-align: justify;\">A festa e os c\u00e3es (Cear\u00e1, 2015, 20 min.)<br \/>\nDe Leonardo Mouramateus<\/p>\n<p style=\"text-align: justify;\">Audi\u00eancia p\u00fablica? (Pernambuco, 2014, 18 min.)<br \/>\nDe Ernesto de Carvalho, Leon Sampaio, Lu\u00eds Henrique Leal, Marcelo Pedroso, Pedro Severien<\/p>\n<p style=\"text-align: justify;\">A \u00daltima das Minas (Paran\u00e1, 2015, 25 min.)<br \/>\nDe Larissa Figueiredo e Rafael Urban<\/p>\n<p style=\"text-align: justify;\">Ana (Bahia, 2015, 20 min.)<br \/>\nDe Camila Camila<\/p>\n<p style=\"text-align: justify;\">Eu, travesti? (Bahia, 2014, 4 min.)<br \/>\nDe Leandro Rodrigues<\/p>\n<p style=\"text-align: justify;\">Ex\u00edlia (Pernambuco, 2015, 24 min.)<br \/>\nDe Renata Claus<\/p>\n<p style=\"text-align: justify;\">Meio fio (Distrito Federal, 2014, 20 min.)<br \/>\nDe Denise Vieira<\/p>\n<p style=\"text-align: justify;\">No caminho com Mario (Pernambuco, 2014, 20 min.)<br \/>\nDe Aldo Ferreira, Ariel Ortega, Leo Ortega, Patricia Ferreira, Ralf Ortega<\/p>\n<p style=\"text-align: justify;\">O mar, a mata e a humanidade (Bahia, 2015, 6 min.)<br \/>\nDe Coletivo Cinema e Sal<\/p>\n<p style=\"text-align: justify;\">Ocupa\u00e7\u00e3o (Rio de Janeiro, 2015, 13 min.)<br \/>\nDe Diego Jesus<\/p>\n<p style=\"text-align: justify;\">Ruim \u00e9 ter que trabalhar (S\u00e3o Paulo, 2014, 9 min.)<br \/>\nDe Lincoln P\u00e9ricles<\/p>\n<p style=\"text-align: justify;\">Sem t\u00edtulo # 1 : Dance of Leitfossil (S\u00e3o Paulo, 2014, 5 min.)<br \/>\nDe Carlos Adriano<\/p>\n<p style=\"text-align: justify;\">Virgindade (Pernambuco, 2014, 16 min.)<br \/>\nDe Chico Lacerda<\/p>\n","protected":false},"excerpt":{"rendered":"<p>Confira a lista dos selecionados para a Mostra Competitiva que acontece entre os dias 1\u00ba e 7 de setembro, em Cachoeira.<\/p>\n","protected":false},"author":1,"featured_media":1456,"comment_status":"closed","ping_status":"closed","sticky":false,"template":"","format":"standard","meta":[],"categories":[9],"tags":[47],"_links":{"self":[{"href":"https:\/\/cachoeiradoc.com.br\/2015\/wp-json\/wp\/v2\/posts\/1454"}],"collection":[{"href":"https:\/\/cachoeiradoc.com.br\/2015\/wp-json\/wp\/v2\/posts"}],"about":[{"href":"https:\/\/cachoeiradoc.com.br\/2015\/wp-json\/wp\/v2\/types\/post"}],"author":[{"embeddable":true,"href":"https:\/\/cachoeiradoc.com.br\/2015\/wp-json\/wp\/v2\/users\/1"}],"replies":[{"embeddable":true,"href":"https:\/\/cachoeiradoc.com.br\/2015\/wp-json\/wp\/v2\/comments?post=1454"}],"version-history":[{"count":4,"href":"https:\/\/cachoeiradoc.com.br\/2015\/wp-json\/wp\/v2\/posts\/1454\/revisions"}],"predecessor-version":[{"id":1624,"href":"https:\/\/cachoeiradoc.com.br\/2015\/wp-json\/wp\/v2\/posts\/1454\/revisions\/1624"}],"wp:featuredmedia":[{"embeddable":true,"href":"https:\/\/cachoeiradoc.com.br\/2015\/wp-json\/wp\/v2\/media\/1456"}],"wp:attachment":[{"href":"https:\/\/cachoeiradoc.com.br\/2015\/wp-json\/wp\/v2\/media?parent=1454"}],"wp:term":[{"taxonomy":"category","embeddable":true,"href":"https:\/\/cachoeiradoc.com.br\/2015\/wp-json\/wp\/v2\/categories?post=1454"},{"taxonomy":"post_tag","embeddable":true,"href":"https:\/\/cachoeiradoc.com.br\/2015\/wp-json\/wp\/v2\/tags?post=1454"}],"curies":[{"name":"wp","href":"https:\/\/api.w.org\/{rel}","templated":true}]}}